{"id":300,"date":"2023-02-24T12:25:56","date_gmt":"2023-02-24T11:25:56","guid":{"rendered":"https:\/\/asblchiaravds.be\/?p=300"},"modified":"2023-02-24T12:25:56","modified_gmt":"2023-02-24T11:25:56","slug":"le-cam-aux-couleurs-des-maladies-rares","status":"publish","type":"post","link":"https:\/\/asblchiaravds.be\/?p=300","title":{"rendered":"Le CAM aux couleurs des maladies rares"},"content":{"rendered":"\n<p><strong>Le 28 f\u00e9vrier aura lieu, comme chaque ann\u00e9e, la journ\u00e9e mondiale des maladies rares.<\/strong><\/p>\n\n\n\n<p>Comme chaque fois, l\u2019asbl Chiara Vie, Don d\u2019organes et Solidarit\u00e9,&nbsp;participe activement en sensibilisant le grand public au moyen de diverses initiatives.<\/p>\n\n\n\n<p>Parmi celles-ci, existe l\u2019action appel\u00e9e \u00ab\u00a0Light up for rare\u00a0\u00bb&nbsp;qui consiste \u00e0 illuminer les b\u00e2timents publics avec les diff\u00e9rentes couleurs repr\u00e9sentant la diversit\u00e9 des maladies rares.<\/p>\n\n\n\n<p>La <a href=\"https:\/\/www.mouscron.be\/fr\/le-cam-aux-couleurs-des-maladies-rares\">Ville de Mouscron<\/a> a souhait\u00e9 marquer le coup comme elle le fait r\u00e9guli\u00e8rement pour d\u2019autres op\u00e9rations en illuminant (via les lampes LED) le Centre Administratif aux couleurs d\u00e9di\u00e9es \u00e0 ces maladies rares jusqu\u2019au 3 mars prochain.<\/p>\n\n\n\n<figure class=\"wp-block-image size-medium\"><img loading=\"lazy\" decoding=\"async\" width=\"300\" height=\"226\" src=\"https:\/\/asblchiaravds.be\/wp-content\/uploads\/2023\/02\/8b243411-90f9-4d0e-a5d7-6e0c21c80ce9-300x226.jpeg\" alt=\"\" class=\"wp-image-301\" srcset=\"https:\/\/asblchiaravds.be\/wp-content\/uploads\/2023\/02\/8b243411-90f9-4d0e-a5d7-6e0c21c80ce9-300x226.jpeg 300w, https:\/\/asblchiaravds.be\/wp-content\/uploads\/2023\/02\/8b243411-90f9-4d0e-a5d7-6e0c21c80ce9-80x60.jpeg 80w, https:\/\/asblchiaravds.be\/wp-content\/uploads\/2023\/02\/8b243411-90f9-4d0e-a5d7-6e0c21c80ce9.jpeg 600w\" sizes=\"auto, (max-width: 300px) 100vw, 300px\" \/><\/figure>\n","protected":false},"excerpt":{"rendered":"<p>Le 28 f\u00e9vrier aura lieu, comme chaque ann\u00e9e, la journ\u00e9e mondiale des maladies rares. Comme chaque fois, l\u2019asbl Chiara Vie, Don d\u2019organes et Solidarit\u00e9,&nbsp;participe activement en sensibilisant le grand public au moyen de diverses initiatives. Parmi celles-ci, existe l\u2019action appel\u00e9e \u00ab\u00a0Light up for rare\u00a0\u00bb&nbsp;qui consiste \u00e0 illuminer les b\u00e2timents publics avec les diff\u00e9rentes couleurs repr\u00e9sentant &hellip; <\/p>\n","protected":false},"author":2,"featured_media":301,"comment_status":"closed","ping_status":"closed","sticky":false,"template":"","format":"standard","meta":{"footnotes":""},"categories":[7],"tags":[],"class_list":["post-300","post","type-post","status-publish","format-standard","has-post-thumbnail","hentry","category-actions-menees","latest_post"],"_links":{"self":[{"href":"https:\/\/asblchiaravds.be\/index.php?rest_route=\/wp\/v2\/posts\/300","targetHints":{"allow":["GET"]}}],"collection":[{"href":"https:\/\/asblchiaravds.be\/index.php?rest_route=\/wp\/v2\/posts"}],"about":[{"href":"https:\/\/asblchiaravds.be\/index.php?rest_route=\/wp\/v2\/types\/post"}],"author":[{"embeddable":true,"href":"https:\/\/asblchiaravds.be\/index.php?rest_route=\/wp\/v2\/users\/2"}],"replies":[{"embeddable":true,"href":"https:\/\/asblchiaravds.be\/index.php?rest_route=%2Fwp%2Fv2%2Fcomments&post=300"}],"version-history":[{"count":1,"href":"https:\/\/asblchiaravds.be\/index.php?rest_route=\/wp\/v2\/posts\/300\/revisions"}],"predecessor-version":[{"id":302,"href":"https:\/\/asblchiaravds.be\/index.php?rest_route=\/wp\/v2\/posts\/300\/revisions\/302"}],"wp:featuredmedia":[{"embeddable":true,"href":"https:\/\/asblchiaravds.be\/index.php?rest_route=\/wp\/v2\/media\/301"}],"wp:attachment":[{"href":"https:\/\/asblchiaravds.be\/index.php?rest_route=%2Fwp%2Fv2%2Fmedia&parent=300"}],"wp:term":[{"taxonomy":"category","embeddable":true,"href":"https:\/\/asblchiaravds.be\/index.php?rest_route=%2Fwp%2Fv2%2Fcategories&post=300"},{"taxonomy":"post_tag","embeddable":true,"href":"https:\/\/asblchiaravds.be\/index.php?rest_route=%2Fwp%2Fv2%2Ftags&post=300"}],"curies":[{"name":"wp","href":"https:\/\/api.w.org\/{rel}","templated":true}]}}