{"id":235,"date":"2023-01-24T09:46:48","date_gmt":"2023-01-24T08:46:48","guid":{"rendered":"https:\/\/asblchiaravds.be\/?p=235"},"modified":"2023-03-13T12:00:21","modified_gmt":"2023-03-13T11:00:21","slug":"cine-debat-28-02-2023","status":"publish","type":"post","link":"https:\/\/asblchiaravds.be\/?p=235","title":{"rendered":"Cin\u00e9-d\u00e9bat 28\/02\/2023"},"content":{"rendered":"\n<p>Le 28 F\u00e9vrier prochain, journ\u00e9e mondiale des maladies rares, notre association organisera d\u00e8s 19:30 au <a href=\"https:\/\/www.facebook.com\/cineFORetVER\/?__cft__[0]=AZVhqCUawMw06P2NkVT22bHwz1UevUQk_LjrFzA-iZQigIWn3Ox_RutBhecVS41WWm27Gim9op-9778CGrSKZIs8h7HKBJ7N9agLxZAf7E5mg7ILEN7Iqr1ijkJEOoEA6g7FkN4yZq9FN1wBGdmABqm3BdRQ0AUO-Wtpi6SZriOYHrCd8v2HTcy5J3mTa7TGakFGwKU7CQ5tcadkbpHwdDdU&amp;__tn__=kK-R\">Cin\u00e9ma For&amp;ver<\/a> un cin\u00e9-d\u00e9bat ayant pour th\u00e8me le don d\u2019organes.<\/p>\n\n\n\n<p>Au programme:<\/p>\n\n\n\n<p>&#8211; mot d\u2019accueil et pr\u00e9sentation de notre association<\/p>\n\n\n\n<p>&#8211; <a><\/a>projection du film \u201cr\u00e9parer les vivants\u201d<\/p>\n\n\n\n<p>&#8211; t\u00e9moignages<\/p>\n\n\n\n<p>&#8211; questions-r\u00e9ponses<\/p>\n\n\n\n<p>N\u2019h\u00e9sitez pas \u00e0 r\u00e9server d\u00e8s \u00e0 pr\u00e9sent vos places (5\u20ac\/personne) aupr\u00e8s des membres de l\u2019association , par t\u00e9l\u00e9phone (0477\/772403 &#8211; 0472\/620300) ou par mail (info@asblchiaravds.be).<\/p>\n\n\n\n<figure class=\"wp-block-image size-large\"><img loading=\"lazy\" decoding=\"async\" width=\"724\" height=\"1024\" src=\"https:\/\/asblchiaravds.be\/wp-content\/uploads\/2023\/01\/Cine-Debat1-724x1024.png\" alt=\"\" class=\"wp-image-236\" srcset=\"https:\/\/asblchiaravds.be\/wp-content\/uploads\/2023\/01\/Cine-Debat1-724x1024.png 724w, https:\/\/asblchiaravds.be\/wp-content\/uploads\/2023\/01\/Cine-Debat1-212x300.png 212w, https:\/\/asblchiaravds.be\/wp-content\/uploads\/2023\/01\/Cine-Debat1-768x1086.png 768w, https:\/\/asblchiaravds.be\/wp-content\/uploads\/2023\/01\/Cine-Debat1-1086x1536.png 1086w, https:\/\/asblchiaravds.be\/wp-content\/uploads\/2023\/01\/Cine-Debat1-1448x2048.png 1448w, https:\/\/asblchiaravds.be\/wp-content\/uploads\/2023\/01\/Cine-Debat1.png 1587w\" sizes=\"auto, (max-width: 724px) 100vw, 724px\" \/><\/figure>\n","protected":false},"excerpt":{"rendered":"<p>Le 28 F\u00e9vrier prochain, journ\u00e9e mondiale des maladies rares, notre association organisera d\u00e8s 19:30 au Cin\u00e9ma For&amp;ver un cin\u00e9-d\u00e9bat ayant pour th\u00e8me le don d\u2019organes. Au programme: &#8211; mot d\u2019accueil et pr\u00e9sentation de notre association &#8211; projection du film \u201cr\u00e9parer les vivants\u201d &#8211; t\u00e9moignages &#8211; questions-r\u00e9ponses N\u2019h\u00e9sitez pas \u00e0 r\u00e9server d\u00e8s \u00e0 pr\u00e9sent vos places &hellip; <\/p>\n","protected":false},"author":2,"featured_media":236,"comment_status":"closed","ping_status":"closed","sticky":false,"template":"","format":"standard","meta":{"footnotes":""},"categories":[5,12],"tags":[],"class_list":["post-235","post","type-post","status-publish","format-standard","has-post-thumbnail","hentry","category-agenda","category-evenements-passes","latest_post"],"_links":{"self":[{"href":"https:\/\/asblchiaravds.be\/index.php?rest_route=\/wp\/v2\/posts\/235","targetHints":{"allow":["GET"]}}],"collection":[{"href":"https:\/\/asblchiaravds.be\/index.php?rest_route=\/wp\/v2\/posts"}],"about":[{"href":"https:\/\/asblchiaravds.be\/index.php?rest_route=\/wp\/v2\/types\/post"}],"author":[{"embeddable":true,"href":"https:\/\/asblchiaravds.be\/index.php?rest_route=\/wp\/v2\/users\/2"}],"replies":[{"embeddable":true,"href":"https:\/\/asblchiaravds.be\/index.php?rest_route=%2Fwp%2Fv2%2Fcomments&post=235"}],"version-history":[{"count":1,"href":"https:\/\/asblchiaravds.be\/index.php?rest_route=\/wp\/v2\/posts\/235\/revisions"}],"predecessor-version":[{"id":237,"href":"https:\/\/asblchiaravds.be\/index.php?rest_route=\/wp\/v2\/posts\/235\/revisions\/237"}],"wp:featuredmedia":[{"embeddable":true,"href":"https:\/\/asblchiaravds.be\/index.php?rest_route=\/wp\/v2\/media\/236"}],"wp:attachment":[{"href":"https:\/\/asblchiaravds.be\/index.php?rest_route=%2Fwp%2Fv2%2Fmedia&parent=235"}],"wp:term":[{"taxonomy":"category","embeddable":true,"href":"https:\/\/asblchiaravds.be\/index.php?rest_route=%2Fwp%2Fv2%2Fcategories&post=235"},{"taxonomy":"post_tag","embeddable":true,"href":"https:\/\/asblchiaravds.be\/index.php?rest_route=%2Fwp%2Fv2%2Ftags&post=235"}],"curies":[{"name":"wp","href":"https:\/\/api.w.org\/{rel}","templated":true}]}}